{"id":29888,"date":"2014-02-23T03:03:38","date_gmt":"2014-02-23T03:03:38","guid":{"rendered":"http:\/\/iecoinstitute.org\/?p=10187"},"modified":"2014-02-23T03:03:38","modified_gmt":"2014-02-23T03:03:38","slug":"professor-guillen-presents-the-ieco-motivation-matrix-in-rome","status":"publish","type":"post","link":"https:\/\/iecoinstitute.org\/en\/professor-guillen-presents-the-ieco-motivation-matrix-in-rome\/","title":{"rendered":"Professor Guill\u00e9n presents the IECO Motivation Matrix in Rome"},"content":{"rendered":"<h4 class=\"entradilla\">The IECO\u2019s Director spoke about moral and spiritual motivation in the workplace at the 21st International Conference of the Pontifical University of the Holy Cross<\/h4>\n<div class=\"addtoany_share_save_container addtoany_content addtoany_content_top\">\n<div class=\"a2a_kit a2a_kit_size_24 addtoany_list\" data-a2a-url=\"http:\/\/iecoinstitute.org\/en\/professor-guillen-presents-the-ieco-motivation-matrix-in-rome\/\" data-a2a-title=\"Professor Guill\u00e9n presents the IECO Motivation Matrix in Rome\"><a class=\"a2a_button_facebook\" title=\"Facebook\" href=\"http:\/\/iecoinstitute.org\/#facebook\" target=\"_blank\" rel=\"nofollow noopener noreferrer\"><span class=\"a2a_label\">Facebook<\/span><\/a><a class=\"a2a_button_twitter\" title=\"Twitter\" href=\"http:\/\/iecoinstitute.org\/#twitter\" target=\"_blank\" rel=\"nofollow noopener noreferrer\"><span class=\"a2a_label\">Twitter<\/span><\/a><a class=\"a2a_button_email\" title=\"Email\" href=\"http:\/\/iecoinstitute.org\/#email\" target=\"_blank\" rel=\"nofollow noopener noreferrer\"><span class=\"a2a_label\">Email<\/span><\/a><a class=\"a2a_button_linkedin\" title=\"LinkedIn\" href=\"http:\/\/iecoinstitute.org\/#linkedin\" target=\"_blank\" rel=\"nofollow noopener noreferrer\"><span class=\"a2a_label\">LinkedIn<\/span><\/a><a class=\"a2a_button_whatsapp\" title=\"WhatsApp\" href=\"http:\/\/iecoinstitute.org\/#whatsapp\" target=\"_blank\" rel=\"nofollow noopener noreferrer\"><span class=\"a2a_label\">WhatsApp<\/span><\/a><a class=\"a2a_dd addtoany_share_save addtoany_share\" href=\"https:\/\/www.addtoany.com\/share#url=http%3A%2F%2Fiecoinstitute.org%2Fen%2Fprofessor-guillen-presents-the-ieco-motivation-matrix-in-rome%2F&amp;title=Professor%20Guill%C3%A9n%20presents%20the%20IECO%20Motivation%20Matrix%20in%20Rome\"><span class=\"a2a_label a2a_localize\" data-a2a-localize=\"inner,Share\">Compartir<\/span><\/a><\/div>\n<\/div>\n<p><strong>Manuel Guill\u00e9n<\/strong>, IECO Director and Tenured Professor at the University of Valencia, was invited by the Pontifical University of the Holy Cross to give a talk entitled \u201cVindicating better human motivation theories for personal flourishing in organizations\u201d. The talk was given on February 24, 2014 in Rome at the\u00a0<em>Personal Flourishing in Organizations<\/em>\u00a021<sup>st<\/sup>\u00a0International Conference hosted by the Pontifical University of the Holy Cross. The event brought together more than one hundred European and American scholars to discuss the ways in which business organizations can foster the personal development of their employees and managers.<\/p>\n<p>In his talk, Professor Guill\u00e9n presented the\u00a0<em>IECO Human Motivation Matrix<\/em>. This table summarizes the classical theories of human motivation and expands the possibilities of human behavior, a key factor in the potential flourishing of any individual.<\/p>\n<p>By classifying these theories according to the thinking of Aristotle and Professor P\u00e9rez L\u00f3pez, Professor Guill\u00e9n discovered a\u00a0<em>reasonable deployment<\/em>\u00a0of the moral motivations that had been forgotten when explaining human behavior. Likewise, the move towards religious motivations became natural following the composition logic of the IECO Matrix. The end result is a more complete map of the motivations that can drive personal behavior. The presentation aroused great interest among those attending the event.<\/p>\n<p>Professor Guill\u00e9n\u2019s talk was given in the same month that the\u00a0<em>Journal of Business Ethics<\/em>\u00a0published the paper \u201cThe Neglected Ethical and Spiritual Motivations in the Workplace\u201d which he coauthored with Ignacio Ferrero, from the University of Navarre, and Michael Hoffman, from Bentley University. In their paper, the authors set out in detail the process of forming the IECO Matrix of human motivations.<\/p>\n<p>The\u00a0<em>Personal Flourishing in Organizations\u00a0<\/em>Conference also featured talks by\u00a0<strong>Luis Manuel<\/strong>\u00a0<strong>Calleja<\/strong>, from IESE Business School,\u00a0<strong>Andrew Abella<\/strong>, from the Catholic University of America in Washington, D.C., and\u00a0<strong>Federica Bergamino<\/strong>,\u00a0<strong>Robert Gahl<\/strong>\u00a0and\u00a0<strong>Jos\u00e9 Andr\u00e9s Mercado<\/strong>, all from the Pontifical University of the Holy Cross.<\/p>\n","protected":false},"excerpt":{"rendered":"<p>The IECO\u2019s Director spoke about moral and spiritual motivation in&hellip;<\/p>\n","protected":false},"author":2,"featured_media":29889,"comment_status":"open","ping_status":"open","sticky":false,"template":"","format":"standard","meta":{"footnotes":""},"categories":[439],"tags":[],"class_list":["post-29888","post","type-post","status-publish","format-standard","has-post-thumbnail","hentry","category-presentations"],"yoast_head":"<!-- This site is optimized with the Yoast SEO plugin v27.4 - https:\/\/yoast.com\/product\/yoast-seo-wordpress\/ -->\n<title>Professor Guill\u00e9n presents the IECO Motivation Matrix in Rome - IECO Institute<\/title>\n<meta name=\"robots\" content=\"index, follow, max-snippet:-1, max-image-preview:large, max-video-preview:-1\" \/>\n<link rel=\"canonical\" href=\"https:\/\/iecoinstitute.org\/en\/professor-guillen-presents-the-ieco-motivation-matrix-in-rome\/\" \/>\n<meta property=\"og:locale\" content=\"en_US\" \/>\n<meta property=\"og:type\" content=\"article\" \/>\n<meta property=\"og:title\" content=\"Professor Guill\u00e9n presents the IECO Motivation Matrix in Rome - IECO Institute\" \/>\n<meta property=\"og:description\" content=\"The IECO\u2019s Director spoke about moral and spiritual motivation in&hellip;\" \/>\n<meta property=\"og:url\" content=\"https:\/\/iecoinstitute.org\/en\/professor-guillen-presents-the-ieco-motivation-matrix-in-rome\/\" \/>\n<meta property=\"og:site_name\" content=\"IECO Institute\" \/>\n<meta property=\"article:published_time\" content=\"2014-02-23T03:03:38+00:00\" \/>\n<meta property=\"og:image\" content=\"https:\/\/iecoinstitute.org\/wp-content\/uploads\/2020\/06\/20140224_guillen2-1.jpg\" \/>\n\t<meta property=\"og:image:width\" content=\"1022\" \/>\n\t<meta property=\"og:image:height\" content=\"680\" \/>\n\t<meta property=\"og:image:type\" content=\"image\/jpeg\" \/>\n<meta name=\"author\" content=\"Rita\" \/>\n<meta name=\"twitter:card\" content=\"summary_large_image\" \/>\n<meta name=\"twitter:creator\" content=\"@IecoInstitute\" \/>\n<meta name=\"twitter:site\" content=\"@IecoInstitute\" \/>\n<meta name=\"twitter:label1\" content=\"Written by\" \/>\n\t<meta name=\"twitter:data1\" content=\"Rita\" \/>\n\t<meta name=\"twitter:label2\" content=\"Est. reading time\" \/>\n\t<meta name=\"twitter:data2\" content=\"2 minutes\" \/>\n<script type=\"application\/ld+json\" class=\"yoast-schema-graph\">{\"@context\":\"https:\\\/\\\/schema.org\",\"@graph\":[{\"@type\":\"Article\",\"@id\":\"https:\\\/\\\/iecoinstitute.org\\\/en\\\/professor-guillen-presents-the-ieco-motivation-matrix-in-rome\\\/#article\",\"isPartOf\":{\"@id\":\"https:\\\/\\\/iecoinstitute.org\\\/en\\\/professor-guillen-presents-the-ieco-motivation-matrix-in-rome\\\/\"},\"author\":{\"name\":\"Rita\",\"@id\":\"https:\\\/\\\/iecoinstitute.org\\\/#\\\/schema\\\/person\\\/34f620a7d5687124d7a7f6008754a1ee\"},\"headline\":\"Professor Guill\u00e9n presents the IECO Motivation Matrix in Rome\",\"datePublished\":\"2014-02-23T03:03:38+00:00\",\"mainEntityOfPage\":{\"@id\":\"https:\\\/\\\/iecoinstitute.org\\\/en\\\/professor-guillen-presents-the-ieco-motivation-matrix-in-rome\\\/\"},\"wordCount\":364,\"commentCount\":0,\"publisher\":{\"@id\":\"https:\\\/\\\/iecoinstitute.org\\\/#organization\"},\"image\":{\"@id\":\"https:\\\/\\\/iecoinstitute.org\\\/en\\\/professor-guillen-presents-the-ieco-motivation-matrix-in-rome\\\/#primaryimage\"},\"thumbnailUrl\":\"https:\\\/\\\/iecoinstitute.org\\\/wp-content\\\/uploads\\\/2020\\\/06\\\/20140224_guillen2-1.jpg\",\"articleSection\":[\"Presentations\"],\"inLanguage\":\"en-US\",\"potentialAction\":[{\"@type\":\"CommentAction\",\"name\":\"Comment\",\"target\":[\"https:\\\/\\\/iecoinstitute.org\\\/en\\\/professor-guillen-presents-the-ieco-motivation-matrix-in-rome\\\/#respond\"]}]},{\"@type\":\"WebPage\",\"@id\":\"https:\\\/\\\/iecoinstitute.org\\\/en\\\/professor-guillen-presents-the-ieco-motivation-matrix-in-rome\\\/\",\"url\":\"https:\\\/\\\/iecoinstitute.org\\\/en\\\/professor-guillen-presents-the-ieco-motivation-matrix-in-rome\\\/\",\"name\":\"Professor Guill\u00e9n presents the IECO Motivation Matrix in Rome - IECO Institute\",\"isPartOf\":{\"@id\":\"https:\\\/\\\/iecoinstitute.org\\\/#website\"},\"primaryImageOfPage\":{\"@id\":\"https:\\\/\\\/iecoinstitute.org\\\/en\\\/professor-guillen-presents-the-ieco-motivation-matrix-in-rome\\\/#primaryimage\"},\"image\":{\"@id\":\"https:\\\/\\\/iecoinstitute.org\\\/en\\\/professor-guillen-presents-the-ieco-motivation-matrix-in-rome\\\/#primaryimage\"},\"thumbnailUrl\":\"https:\\\/\\\/iecoinstitute.org\\\/wp-content\\\/uploads\\\/2020\\\/06\\\/20140224_guillen2-1.jpg\",\"datePublished\":\"2014-02-23T03:03:38+00:00\",\"breadcrumb\":{\"@id\":\"https:\\\/\\\/iecoinstitute.org\\\/en\\\/professor-guillen-presents-the-ieco-motivation-matrix-in-rome\\\/#breadcrumb\"},\"inLanguage\":\"en-US\",\"potentialAction\":[{\"@type\":\"ReadAction\",\"target\":[\"https:\\\/\\\/iecoinstitute.org\\\/en\\\/professor-guillen-presents-the-ieco-motivation-matrix-in-rome\\\/\"]}]},{\"@type\":\"ImageObject\",\"inLanguage\":\"en-US\",\"@id\":\"https:\\\/\\\/iecoinstitute.org\\\/en\\\/professor-guillen-presents-the-ieco-motivation-matrix-in-rome\\\/#primaryimage\",\"url\":\"https:\\\/\\\/iecoinstitute.org\\\/wp-content\\\/uploads\\\/2020\\\/06\\\/20140224_guillen2-1.jpg\",\"contentUrl\":\"https:\\\/\\\/iecoinstitute.org\\\/wp-content\\\/uploads\\\/2020\\\/06\\\/20140224_guillen2-1.jpg\",\"width\":1022,\"height\":680},{\"@type\":\"BreadcrumbList\",\"@id\":\"https:\\\/\\\/iecoinstitute.org\\\/en\\\/professor-guillen-presents-the-ieco-motivation-matrix-in-rome\\\/#breadcrumb\",\"itemListElement\":[{\"@type\":\"ListItem\",\"position\":1,\"name\":\"Portada\",\"item\":\"https:\\\/\\\/iecoinstitute.org\\\/\"},{\"@type\":\"ListItem\",\"position\":2,\"name\":\"Professor Guill\u00e9n presents the IECO Motivation Matrix in Rome\"}]},{\"@type\":\"WebSite\",\"@id\":\"https:\\\/\\\/iecoinstitute.org\\\/#website\",\"url\":\"https:\\\/\\\/iecoinstitute.org\\\/\",\"name\":\"IECO Institute\",\"description\":\"Mejorar la sociedad desde la \u00e9tica\",\"publisher\":{\"@id\":\"https:\\\/\\\/iecoinstitute.org\\\/#organization\"},\"alternateName\":\"Institute for Ethics in Communication and Organizations\",\"potentialAction\":[{\"@type\":\"SearchAction\",\"target\":{\"@type\":\"EntryPoint\",\"urlTemplate\":\"https:\\\/\\\/iecoinstitute.org\\\/?s={search_term_string}\"},\"query-input\":{\"@type\":\"PropertyValueSpecification\",\"valueRequired\":true,\"valueName\":\"search_term_string\"}}],\"inLanguage\":\"en-US\"},{\"@type\":\"Organization\",\"@id\":\"https:\\\/\\\/iecoinstitute.org\\\/#organization\",\"name\":\"IECO institute\",\"alternateName\":\"Instituto IECO\",\"url\":\"https:\\\/\\\/iecoinstitute.org\\\/\",\"logo\":{\"@type\":\"ImageObject\",\"inLanguage\":\"en-US\",\"@id\":\"https:\\\/\\\/iecoinstitute.org\\\/#\\\/schema\\\/logo\\\/image\\\/\",\"url\":\"https:\\\/\\\/iecoinstitute.org\\\/wp-content\\\/uploads\\\/2022\\\/12\\\/cropped-logo-ieco-1.png\",\"contentUrl\":\"https:\\\/\\\/iecoinstitute.org\\\/wp-content\\\/uploads\\\/2022\\\/12\\\/cropped-logo-ieco-1.png\",\"width\":350,\"height\":114,\"caption\":\"IECO institute\"},\"image\":{\"@id\":\"https:\\\/\\\/iecoinstitute.org\\\/#\\\/schema\\\/logo\\\/image\\\/\"},\"sameAs\":[\"https:\\\/\\\/x.com\\\/IecoInstitute\",\"https:\\\/\\\/www.linkedin.com\\\/company\\\/ieco-institute-for-ethics-in-communication-and-organizations-\\\/\",\"https:\\\/\\\/www.youtube.com\\\/channel\\\/UCqZ4KAUQ8Wx4i_-8TrrUoTw\"]},{\"@type\":\"Person\",\"@id\":\"https:\\\/\\\/iecoinstitute.org\\\/#\\\/schema\\\/person\\\/34f620a7d5687124d7a7f6008754a1ee\",\"name\":\"Rita\",\"url\":\"https:\\\/\\\/iecoinstitute.org\\\/en\\\/author\\\/ieco-institute\\\/\"}]}<\/script>\n<!-- \/ Yoast SEO plugin. -->","yoast_head_json":{"title":"Professor Guill\u00e9n presents the IECO Motivation Matrix in Rome - IECO Institute","robots":{"index":"index","follow":"follow","max-snippet":"max-snippet:-1","max-image-preview":"max-image-preview:large","max-video-preview":"max-video-preview:-1"},"canonical":"https:\/\/iecoinstitute.org\/en\/professor-guillen-presents-the-ieco-motivation-matrix-in-rome\/","og_locale":"en_US","og_type":"article","og_title":"Professor Guill\u00e9n presents the IECO Motivation Matrix in Rome - IECO Institute","og_description":"The IECO\u2019s Director spoke about moral and spiritual motivation in&hellip;","og_url":"https:\/\/iecoinstitute.org\/en\/professor-guillen-presents-the-ieco-motivation-matrix-in-rome\/","og_site_name":"IECO Institute","article_published_time":"2014-02-23T03:03:38+00:00","og_image":[{"width":1022,"height":680,"url":"https:\/\/iecoinstitute.org\/wp-content\/uploads\/2020\/06\/20140224_guillen2-1.jpg","type":"image\/jpeg"}],"author":"Rita","twitter_card":"summary_large_image","twitter_creator":"@IecoInstitute","twitter_site":"@IecoInstitute","twitter_misc":{"Written by":"Rita","Est. reading time":"2 minutes"},"schema":{"@context":"https:\/\/schema.org","@graph":[{"@type":"Article","@id":"https:\/\/iecoinstitute.org\/en\/professor-guillen-presents-the-ieco-motivation-matrix-in-rome\/#article","isPartOf":{"@id":"https:\/\/iecoinstitute.org\/en\/professor-guillen-presents-the-ieco-motivation-matrix-in-rome\/"},"author":{"name":"Rita","@id":"https:\/\/iecoinstitute.org\/#\/schema\/person\/34f620a7d5687124d7a7f6008754a1ee"},"headline":"Professor Guill\u00e9n presents the IECO Motivation Matrix in Rome","datePublished":"2014-02-23T03:03:38+00:00","mainEntityOfPage":{"@id":"https:\/\/iecoinstitute.org\/en\/professor-guillen-presents-the-ieco-motivation-matrix-in-rome\/"},"wordCount":364,"commentCount":0,"publisher":{"@id":"https:\/\/iecoinstitute.org\/#organization"},"image":{"@id":"https:\/\/iecoinstitute.org\/en\/professor-guillen-presents-the-ieco-motivation-matrix-in-rome\/#primaryimage"},"thumbnailUrl":"https:\/\/iecoinstitute.org\/wp-content\/uploads\/2020\/06\/20140224_guillen2-1.jpg","articleSection":["Presentations"],"inLanguage":"en-US","potentialAction":[{"@type":"CommentAction","name":"Comment","target":["https:\/\/iecoinstitute.org\/en\/professor-guillen-presents-the-ieco-motivation-matrix-in-rome\/#respond"]}]},{"@type":"WebPage","@id":"https:\/\/iecoinstitute.org\/en\/professor-guillen-presents-the-ieco-motivation-matrix-in-rome\/","url":"https:\/\/iecoinstitute.org\/en\/professor-guillen-presents-the-ieco-motivation-matrix-in-rome\/","name":"Professor Guill\u00e9n presents the IECO Motivation Matrix in Rome - IECO Institute","isPartOf":{"@id":"https:\/\/iecoinstitute.org\/#website"},"primaryImageOfPage":{"@id":"https:\/\/iecoinstitute.org\/en\/professor-guillen-presents-the-ieco-motivation-matrix-in-rome\/#primaryimage"},"image":{"@id":"https:\/\/iecoinstitute.org\/en\/professor-guillen-presents-the-ieco-motivation-matrix-in-rome\/#primaryimage"},"thumbnailUrl":"https:\/\/iecoinstitute.org\/wp-content\/uploads\/2020\/06\/20140224_guillen2-1.jpg","datePublished":"2014-02-23T03:03:38+00:00","breadcrumb":{"@id":"https:\/\/iecoinstitute.org\/en\/professor-guillen-presents-the-ieco-motivation-matrix-in-rome\/#breadcrumb"},"inLanguage":"en-US","potentialAction":[{"@type":"ReadAction","target":["https:\/\/iecoinstitute.org\/en\/professor-guillen-presents-the-ieco-motivation-matrix-in-rome\/"]}]},{"@type":"ImageObject","inLanguage":"en-US","@id":"https:\/\/iecoinstitute.org\/en\/professor-guillen-presents-the-ieco-motivation-matrix-in-rome\/#primaryimage","url":"https:\/\/iecoinstitute.org\/wp-content\/uploads\/2020\/06\/20140224_guillen2-1.jpg","contentUrl":"https:\/\/iecoinstitute.org\/wp-content\/uploads\/2020\/06\/20140224_guillen2-1.jpg","width":1022,"height":680},{"@type":"BreadcrumbList","@id":"https:\/\/iecoinstitute.org\/en\/professor-guillen-presents-the-ieco-motivation-matrix-in-rome\/#breadcrumb","itemListElement":[{"@type":"ListItem","position":1,"name":"Portada","item":"https:\/\/iecoinstitute.org\/"},{"@type":"ListItem","position":2,"name":"Professor Guill\u00e9n presents the IECO Motivation Matrix in Rome"}]},{"@type":"WebSite","@id":"https:\/\/iecoinstitute.org\/#website","url":"https:\/\/iecoinstitute.org\/","name":"IECO Institute","description":"Mejorar la sociedad desde la \u00e9tica","publisher":{"@id":"https:\/\/iecoinstitute.org\/#organization"},"alternateName":"Institute for Ethics in Communication and Organizations","potentialAction":[{"@type":"SearchAction","target":{"@type":"EntryPoint","urlTemplate":"https:\/\/iecoinstitute.org\/?s={search_term_string}"},"query-input":{"@type":"PropertyValueSpecification","valueRequired":true,"valueName":"search_term_string"}}],"inLanguage":"en-US"},{"@type":"Organization","@id":"https:\/\/iecoinstitute.org\/#organization","name":"IECO institute","alternateName":"Instituto IECO","url":"https:\/\/iecoinstitute.org\/","logo":{"@type":"ImageObject","inLanguage":"en-US","@id":"https:\/\/iecoinstitute.org\/#\/schema\/logo\/image\/","url":"https:\/\/iecoinstitute.org\/wp-content\/uploads\/2022\/12\/cropped-logo-ieco-1.png","contentUrl":"https:\/\/iecoinstitute.org\/wp-content\/uploads\/2022\/12\/cropped-logo-ieco-1.png","width":350,"height":114,"caption":"IECO institute"},"image":{"@id":"https:\/\/iecoinstitute.org\/#\/schema\/logo\/image\/"},"sameAs":["https:\/\/x.com\/IecoInstitute","https:\/\/www.linkedin.com\/company\/ieco-institute-for-ethics-in-communication-and-organizations-\/","https:\/\/www.youtube.com\/channel\/UCqZ4KAUQ8Wx4i_-8TrrUoTw"]},{"@type":"Person","@id":"https:\/\/iecoinstitute.org\/#\/schema\/person\/34f620a7d5687124d7a7f6008754a1ee","name":"Rita","url":"https:\/\/iecoinstitute.org\/en\/author\/ieco-institute\/"}]}},"_links":{"self":[{"href":"https:\/\/iecoinstitute.org\/en\/wp-json\/wp\/v2\/posts\/29888","targetHints":{"allow":["GET"]}}],"collection":[{"href":"https:\/\/iecoinstitute.org\/en\/wp-json\/wp\/v2\/posts"}],"about":[{"href":"https:\/\/iecoinstitute.org\/en\/wp-json\/wp\/v2\/types\/post"}],"author":[{"embeddable":true,"href":"https:\/\/iecoinstitute.org\/en\/wp-json\/wp\/v2\/users\/2"}],"replies":[{"embeddable":true,"href":"https:\/\/iecoinstitute.org\/en\/wp-json\/wp\/v2\/comments?post=29888"}],"version-history":[{"count":0,"href":"https:\/\/iecoinstitute.org\/en\/wp-json\/wp\/v2\/posts\/29888\/revisions"}],"wp:featuredmedia":[{"embeddable":true,"href":"https:\/\/iecoinstitute.org\/en\/wp-json\/wp\/v2\/media\/29889"}],"wp:attachment":[{"href":"https:\/\/iecoinstitute.org\/en\/wp-json\/wp\/v2\/media?parent=29888"}],"wp:term":[{"taxonomy":"category","embeddable":true,"href":"https:\/\/iecoinstitute.org\/en\/wp-json\/wp\/v2\/categories?post=29888"},{"taxonomy":"post_tag","embeddable":true,"href":"https:\/\/iecoinstitute.org\/en\/wp-json\/wp\/v2\/tags?post=29888"}],"curies":[{"name":"wp","href":"https:\/\/api.w.org\/{rel}","templated":true}]}}